{"id":3182,"date":"2025-08-21T12:51:09","date_gmt":"2025-08-21T10:51:09","guid":{"rendered":"https:\/\/zdruzenje-sim.si\/rodnagruda\/?p=3182"},"modified":"2025-08-21T12:51:10","modified_gmt":"2025-08-21T10:51:10","slug":"slovenke-in-slovenci-v-politiki-in-diplomaciji-drugih-drzav","status":"publish","type":"post","link":"https:\/\/zdruzenje-sim.si\/rodnagruda\/2025\/08\/21\/slovenke-in-slovenci-v-politiki-in-diplomaciji-drugih-drzav\/","title":{"rendered":"Slovenke in Slovenci v politiki in diplomaciji drugih dr\u017eav"},"content":{"rendered":"\n<p><strong>Urad za Slovence v zamejstvu in po svetu je&nbsp; s \u0161e nekaterimi institucijami organiziral tradicionalno sre\u010danje Dobrodo\u0161li doma. Po vsebini je izstopal mednarodni posvet o Slovenkah in Slovencih v politiki in diplomaciji drugih dr\u017eav, na katerem so spregovorile \u0161tiri Slovenke, ki v sosednjih dr\u017eavah v politiki igrajo pomembno vlogo, in sicer&nbsp; Tatjana Rojc, Italija, Barbara Antoli\u0107 Vupora, Hrva\u0161ka, Erika K\u00f6le\u0161 Kiss, Mad\u017earska in Ana Blatnik, Avstrija.&nbsp;<\/strong><\/p>\n\n\n\n<p>V petek, 20. 5. 2025, je bil v Novi Gorici v organizaciji Slovenske izseljenske matice in Urada za Slovence v zamejstvu in po svetu v okviru prireditve Dobrodo\u0161li doma organiziran mednarodni posvet z naslovom Slovenke in Slovenci v politiki in diplomaciji drugih dr\u017eav. Prireditev Dobrodo\u0161li doma je potekala v okviru dogodkov Evropska prestolnica kulture Nova Gorica in je s tem simbolno vgradila svoje sporo\u010dilo v jasen evropski kontekst. Na posvetu je kot uvodni\u010dar nastopil veleposlanik prof. dr. Milan Jazbec in predstavil zgodovinski pogled na delovanje slovenskih diplomatov v delovanju drugih dr\u017eav. V nadaljevanju na kratko predstavljamo prvi del posveta in podrobneje komentiramo pomen in vsebino nastopa slovenskih politi\u010dark v sosednjih dr\u017eavah.<\/p>\n\n\n\n<p>Posvet, ki je bil izveden v dveh delih, je odprl predsednik SIM dr. Boris Jesih, prisotne je v imenu Urada za Slovence v zamejstvu in po svetu pozdravila dr\u017eavna sekretarka Vesna Humar.<\/p>\n\n\n\n<p><strong>Prezrta zgodovinska vloga Slovencev<\/strong><\/p>\n\n\n\n<p>V prvem smo predstavili teoreti\u010dno-zgodovinske poglede na obravnavano temo, in sicer: veleposlanik prof. dr. Jazbec (Slovenke in Slovenci v diplomaciji drugih dr\u017eav: zgodovinski oris in izbrane osebnosti), prof. dr. Matja\u017e Klemen\u010di\u010d in dr. Milan Mr\u0111enovi\u0107 (Uspe\u0161ni politiki slovenskega porekla v izseljenstvu s poudarkom na ZDA) in Janez Stergar (Slovenski dele\u017e v zgodovini vodenja in zastopanja sosednjih ali nekdaj skupnih dr\u017eav). Skupna ugotovitev je bila, da so Slovenci v zgodovini dr\u017eav, katerih del je v preteklosti bila dana\u0161nja Slovenija, igrali opazno in pomembno vlogo ter bili obenem pomembni glasniki slovenstva in svoje mati\u010dne domovine. To je sporo\u010dilo, ki je v delovanju dana\u0161nje Slovenije premalo opazno.<\/p>\n\n\n\n<p><strong>Politi\u010darke slovenskega rodu: premiki v prid slovenstva so mogo\u010di<\/strong><\/p>\n\n\n\n<p>V drugem delu, ki ga je moderiral predsednik SIM dr. Boris Jesih, so nastopile \u0161tiri politi\u010darke slovenskega rodu, ki so aktivne v politi\u010dnem \u017eivljenju v sosednjih dr\u017eavah, in sicer Tatjana Rojc, senatorka italijanske republike, Barbara Antoli\u0107 Vupora, poslanka v hrva\u0161kem saboru, Erika K\u00f6le\u0161 Kiss, zagovornica porabskih Slovencev v mad\u017earskem parlamentu, in Ana Blatnik, nekdanja predsednica avstrijskega zveznega sveta.<\/p>\n\n\n\n<p>Politi\u010dne izku\u0161nje vseh \u0161tirih so razli\u010dne, a jih je mogo\u010de strniti v izstopajo\u010d poudarek, da so premiki v prid slovenstva mogo\u010di, a potrebno je vztrajno in dolgoletno delovanje, ki mora imeti \u0161ir\u0161o podporo v politi\u010dnem in slovenskem zaledju v konkretni dr\u017eavi ter ustrezno vsebinsko in premi\u0161ljeno politi\u010dno podporo Slovenije. Potrebno je veliko dogovarjanja in sporazumevanja, koraki so praviloma majhni, a zale\u017eejo.<\/p>\n\n\n\n<p><strong>Politi\u010dna spretnost in iskanje kompromisov<\/strong><\/p>\n\n\n\n<p><strong>Tatjana Rojc<\/strong> je bila \u017ee drugi\u010d zapored izvoljena v italijanski parlament na listi demokratske stranke v pokrajini Furlanija-Julijska krajina. Kot pravi, predstavlja v parlamentu demokratsko stranko in vse Slovence. Ogla\u0161a se v razpravah, podpisuje razne predloge ter je tudi njihova pobudnica oz. sopobudnica. Deluje v prid slovenstva, delati je treba na dolgi rok, treba je biti politi\u010dno spreten, ne iti na prvo \u017eogo, treba je sodelovati in iskati kompromise. Nikakor ni lahko.<\/p>\n\n\n\n<p><strong>Politi\u010dna diskreditacija \u2013 del vsakdanjega politi\u010dnega \u017eivljenja<\/strong><\/p>\n\n\n\n<p><strong>Barbara Antoli\u0107 Vupora<\/strong> je poslanka v hrva\u0161kem saboru na listi socialdemokratske stranke in predsednica Zveze Slovencev na Hrva\u0161kem. Kot slovenska politi\u010darka nima lahkega dela, najbolj problemati\u010dno je dejstvo, da slovenska skupnost v saboru nima neposrednega zastopnika. V imenu manj\u0161in nastopa izvoljeni predstavnik, trenutno je to Armin Hod\u017ei\u0107 iz bo\u0161nja\u0161ke manj\u0161ine. To zelo vpliva na prodornost in uveljavljanje predlogov ter zahtev slovenske skupnosti. Kot poslanka in Slovenka ter predsednica zveze je dele\u017ena tudi razli\u010dnih poskusov neposredne in posredne politi\u010dne diskreditacije, kar je del vsakdanjega politi\u010dnega \u017eivljenja.<\/p>\n\n\n\n<p><strong>Bolj\u0161i polo\u017eaj Slovencev na Mad\u017earskem<\/strong><\/p>\n\n\n\n<p><strong>Erika K\u00f6le\u0161 Kiss<\/strong> je slovenska zastopnica v mad\u017earskem parlamentu. Prisotna je na sejah, sodeluje v razpravah, daje pobude in predloge, vendar pa nima pravice glasovati, ker ni poslanka. Kljub temu pravi, da je tudi na ta na\u010din mo\u017eno marsikaj dose\u010di. Polo\u017eaj slovenske manj\u0161ine na Mad\u017earskem je bolj\u0161i, kot je bil v preteklosti. Ob tem dodaja dvoje. Prvi\u010d, v prizadevanjih za urejanje polo\u017eaja manj\u0161ine je treba biti kooperativen, saj polemi\u010den in konflikten odnos z vlado ne prinese ni\u010d. Drugi\u010d, s sedanjo vlado oz. politiko sodeluje dobro tudi zato, ker ji je v vrednostnem smislu blizu.<\/p>\n\n\n\n<p><strong>V politiki klju\u010dno sodelovanje in pogovori<\/strong><\/p>\n\n\n\n<p><strong>Ana Blatnik<\/strong> sodi med najbolj izku\u0161ene politike v slovenski manj\u0161ini na avstrijskem Koro\u0161kem, pa tudi v avstrijski politiki sploh. Bila je poslanka na listi socialdemokratske stranke, vrh njene kariere je bil dose\u017een, ko je bila predsednica avstrijskega zveznega sveta. Izhaja iz izstopajo\u010de in zavedne slovenske dru\u017eine z dolgo politi\u010dno tradicijo. Poudarja, da je v politiki potrebno sodelovanje in pogovori, to je klju\u010dno. Tudi njeni pogovori s svobodnja\u0161ko stranko so prinesli dolo\u010dene rezultate, vendar na de\u017eelni ravni to ni bilo mogo\u010de, bilo pa je mogo\u010de na zvezni ravni in v evropskem merilu.<\/p>\n\n\n\n<p>Treba je vztrajati ter pri tem imeti stalno podporo, tako med slovensko manj\u0161ino kot tudi s strani slovenske dr\u017eave. Posebej je poudarila klju\u010den pomen prizadevanj ter sodelovanja z vsemi v avstrijski politiki, na \u010demer je ves \u010das svoje aktivne kariere vztrajal dolgoletni predsednik zveze slovenskih organizacij dr. Marjan Sturm. Polo\u017eaj manj\u0161ine se je precej izbolj\u0161al, odkar je koro\u0161ki de\u017eelni glavar socialdemokrat dr. Peter Kaiser.<\/p>\n\n\n\n<p><strong>Poudarki tematskega posveta<\/strong><\/p>\n\n\n\n<p>Tematski posvet, na katerem so o svojih politi\u010dnih poteh spregovorile navedene Slovenke, je bil zelo vsebinski, odmeven in koristen. Strniti ga je mogo\u010de v tri pomembne poudarke.<\/p>\n\n\n\n<p><strong>Prvi\u010d<\/strong>, premiki v prid slovenstva in urejanja polo\u017eaja slovenske manj\u0161ine so mogo\u010di, a potrebno je vztrajno in dolgoletno delovanje. To je zahtevno, polno usklajevanja in tudi kompromisov, a na dalj\u0161i rok prina\u0161a rezultate. Ti niso veliki, a \u0161tejejo in se kumulirajo.<\/p>\n\n\n\n<p><strong>Drugi\u010d<\/strong>, to delovanje mora imeti \u0161ir\u0161o podporo v politi\u010dnem in slovenskem zaledju v konkretni dr\u017eavi. Manj\u0161inska skupnost mora biti politi\u010dno artikulirana in odzivna, to veliko pripomore k uspe\u0161nosti politi\u010dnega urejanja in odlo\u010danja v konkretni dr\u017eavi.<\/p>\n\n\n\n<p><strong>Tretji\u010d<\/strong>, oboje navedeno mora imeti ustrezno vsebinsko in premi\u0161ljeno politi\u010dno podporo Slovenije. Potrebno je veliko dogovarjanja in sporazumevanja, koraki so praviloma majhni, a zale\u017eejo. Vse politi\u010dne ravni v sosednjih dr\u017eavah to pozorno spremljajo in se praviloma temu ustrezno odzivajo, \u0161e posebej, kadar je o\u010ditna odsotnost odziva slovenske dr\u017eave oz. kadar se zgodijo izjave ali poteze, ki so vsebinsko in politi\u010dno neustrezne.<\/p>\n\n\n\n<p>Zato je pomembno upo\u0161tevanje razli\u010dnih politi\u010dnih pogledov in stali\u0161\u010d slovenskih politikov v zamejstvu in njihovo \u010dlanstvo v razli\u010dnih politi\u010dnih strankah v konkretni dr\u017eavi, obenem pa je klju\u010dno, da so njihovi pogledi na razvoj in uveljavljanje slovenstva v politi\u010dnem, pravnem in \u0161ir\u0161em smislu v klju\u010dnih temah poenoteni.<\/p>\n\n\n\n<p>Slovenska dr\u017eava je tista, ki je pri tem v temeljno podporo in oporo. To naj se ka\u017ee v sre\u010devanjih, obiskih, izjavah, konkretnih politi\u010dnih in diplomatskih potezah ter spodbujanju meddr\u017eavnega sodelovanja. Vse te poteze in geste so v sosednjih dr\u017eavah opa\u017eene in delujejo tako v konkretnem smislu kot na simbolni ravni. Tega ni nikoli dovolj in slovenska diplomatska predstavni\u0161tva ter konzulati so sestavni del teh prizadevanj. Iz pogovorov s predstavniki manj\u0161in je to o\u010ditno.<\/p>\n\n\n\n<p>Celoten posvet je posnel koro\u0161ki manj\u0161inski radio Agora iz Celovca, ki ga bo predvajal v naslednjih nekaj tednih po posameznih predavanjih.<\/p>\n\n\n\n<p>Milan Jazbec<\/p>\n","protected":false},"excerpt":{"rendered":"<p>Urad za Slovence v zamejstvu in po svetu je&nbsp; s \u0161e nekaterimi institucijami organiziral tradicionalno sre\u010danje Dobrodo\u0161li doma. Po vsebini je izstopal mednarodni posvet o Slovenkah in Slovencih v politiki in diplomaciji drugih dr\u017eav, na katerem so spregovorile \u0161tiri Slovenke, ki v sosednjih dr\u017eavah v politiki igrajo pomembno vlogo, in sicer&nbsp; Tatjana Rojc, Italija, Barbara [&hellip;]<\/p>\n","protected":false},"author":1,"featured_media":3183,"comment_status":"open","ping_status":"open","sticky":false,"template":"","format":"standard","meta":{"_et_pb_use_builder":"off","_et_pb_old_content":"","_et_gb_content_width":"","footnotes":""},"categories":[14],"tags":[],"class_list":["post-3182","post","type-post","status-publish","format-standard","has-post-thumbnail","hentry","category-aktualno","et-has-post-format-content","et_post_format-et-post-format-standard"],"_links":{"self":[{"href":"https:\/\/zdruzenje-sim.si\/rodnagruda\/wp-json\/wp\/v2\/posts\/3182","targetHints":{"allow":["GET"]}}],"collection":[{"href":"https:\/\/zdruzenje-sim.si\/rodnagruda\/wp-json\/wp\/v2\/posts"}],"about":[{"href":"https:\/\/zdruzenje-sim.si\/rodnagruda\/wp-json\/wp\/v2\/types\/post"}],"author":[{"embeddable":true,"href":"https:\/\/zdruzenje-sim.si\/rodnagruda\/wp-json\/wp\/v2\/users\/1"}],"replies":[{"embeddable":true,"href":"https:\/\/zdruzenje-sim.si\/rodnagruda\/wp-json\/wp\/v2\/comments?post=3182"}],"version-history":[{"count":1,"href":"https:\/\/zdruzenje-sim.si\/rodnagruda\/wp-json\/wp\/v2\/posts\/3182\/revisions"}],"predecessor-version":[{"id":3184,"href":"https:\/\/zdruzenje-sim.si\/rodnagruda\/wp-json\/wp\/v2\/posts\/3182\/revisions\/3184"}],"wp:featuredmedia":[{"embeddable":true,"href":"https:\/\/zdruzenje-sim.si\/rodnagruda\/wp-json\/wp\/v2\/media\/3183"}],"wp:attachment":[{"href":"https:\/\/zdruzenje-sim.si\/rodnagruda\/wp-json\/wp\/v2\/media?parent=3182"}],"wp:term":[{"taxonomy":"category","embeddable":true,"href":"https:\/\/zdruzenje-sim.si\/rodnagruda\/wp-json\/wp\/v2\/categories?post=3182"},{"taxonomy":"post_tag","embeddable":true,"href":"https:\/\/zdruzenje-sim.si\/rodnagruda\/wp-json\/wp\/v2\/tags?post=3182"}],"curies":[{"name":"wp","href":"https:\/\/api.w.org\/{rel}","templated":true}]}}