{"id":3185,"date":"2025-08-21T15:46:47","date_gmt":"2025-08-21T13:46:47","guid":{"rendered":"https:\/\/zdruzenje-sim.si\/rodnagruda\/?p=3185"},"modified":"2025-08-21T15:46:48","modified_gmt":"2025-08-21T13:46:48","slug":"likovna-kolonija-atelje-most-razmejitev-brez-omejitev","status":"publish","type":"post","link":"https:\/\/zdruzenje-sim.si\/rodnagruda\/2025\/08\/21\/likovna-kolonija-atelje-most-razmejitev-brez-omejitev\/","title":{"rendered":"Likovna kolonija Atelje Most: &#8220;Razmejitev brez omejitev\u00ab"},"content":{"rendered":"\n<p><strong>Kot v preteklih letih smo tudi letos organizirali in izvedli likovno kolonijo za Slovence po svetu v Mostu na So\u010di. Glede na to, da je letos Nova Gorica skupaj z Gorico Evropska prestolnica kulture, smo se odlo\u010dili, da bo tokratna tematika Razmejitev brez omejitev.<\/strong><\/p>\n\n\n\n<p>Letos nismo objavili razpisa za likovno kolonijo, temve\u010d smo slikarke in slikarje izbrali in povabili glede na udele\u017ebo na prej\u0161njih kolonijah. Udele\u017eenci kolonije so bili: Ivana Kne\u017eevi\u010d in Radmila Jeremi\u0107 \u010cur\u0107in iz Srbije, Borka Joki\u0107 in Dragan Ga\u010dnik iz Bosne, Miranda Rumina in Martina Markich Cobson iz Anglije, Irena Hribar Schmidt iz Kanade, Marjan Ogradni Kekec iz Nem\u010dije, Matej Maglica iz doma\u010dega likovnega dru\u0161tva ter spodaj podpisani Dare Trobec.<\/p>\n\n\n\n<p><strong>Sodelovanje in nova prijateljstva<\/strong><\/p>\n\n\n\n<p>Razen Mateja so \u017ee vsi sodelovali na kateri od prej\u0161njih kolonij, v naslednjem letu pa bomo zopet objavili in slovenskim dru\u0161tvom razposlali razpis za kolonijo in upamo, da se prijavi tudi kdo, ki doslej \u0161e ni sodeloval, kajti veselimo se novih umetnikov.<\/p>\n\n\n\n<p>\u010ceprav se slikarji med seboj \u017ee poznamo, je prav prijetno, ko se po letu ali ve\u010d zopet sre\u010damo, skupaj ustvarjamo, vendar vsak na svoj na\u010din in v svoji tehniki, ter si vmes izmenjujemo znanja, izku\u0161nje. Lahko re\u010dem, da se na vseh teh kolonija stke mnogo trdnih prijateljstev.<\/p>\n\n\n\n<p><strong>Pestre dejavnosti<\/strong><\/p>\n\n\n\n<p>Na koloniji pa nismo ves \u010das le slikali. Letos smo tako bili prisotni na odprtju Irenine razstave v Grajskem vrtu v Tolminu, se popeljali z ladjico po jezeru in So\u010di in se na zadnjo ve\u010derjo odpeljali na turisti\u010dno kmetijo \u0160iroko nad Mostom na So\u010di.<\/p>\n\n\n\n<p><strong>Za vodjo kolonije ni po\u010ditka<\/strong><\/p>\n\n\n\n<p>Kot vodja kolonije sem predvsem zadol\u017een za to, da se vsi dobro po\u010dutijo in se lahko brezskrbno posvetijo ustvarjanju in zato pri\u010dnem s pripravami za naslednjo kolonijo takoj po kon\u010dani aktualni, kajti zagotoviti je treba no\u010ditve za osem slikarjev, kar pa je glede na to, da je kolonija v prvem tednu junija in da smo precej omejeni s sredstvi, kar te\u017eko, a mi vsako leto nekako uspe. Za slikarje zagotovimo no\u010ditve z zajtrkom, ve\u010derje, sadje, prigrizke in napitke, slikarska platna ter akrilne barve.<\/p>\n\n\n\n<p><strong>Hi\u0161a Vuga odpira vrata slikarjem<\/strong><\/p>\n\n\n\n<p>Za naslednje leto so no\u010ditve za slikarje \u017ee rezervirane, kajti na Mostu na So\u010di je zopet za\u017eivela Hi\u0161a Vuga (rojstna hi\u0161a na\u0161ega pisatelja Sa\u0161e Vuga). Pisateljeva h\u010di, ki se je vrnila z dolgoletnega bivanja v Mehiki, je namre\u010d pri\u010dela oddajati sobe v hi\u0161i, vendar njen cilj niso obi\u010dajni turisti, ampak si \u017eeli hi\u0161i vdahniti kulturno noto in zelo hitro sva se dogovorila vse glede kolonije. Za dokon\u010dni program kolonije pa je kljub temu, da so pogovori in ideje \u017ee v polnem teku, vseeno \u0161e malo prezgodaj. Bo pa zagotovo nekaj novosti in zanimivosti.<\/p>\n\n\n\n<p><strong>Ustvarjena dela na ogled<\/strong><\/p>\n\n\n\n<p>Ustvarjena dela smo letos predstavili na razstavi v Vodni hi\u0161i, kjer smo tudi ustvarjali, v prostorih Ob\u010dine Nova Gorica ter v ARS Galeriji v Gorici v Italiji. Proti koncu leta bodo dela razstavljena tudi v prostorih Slovenske izseljenske matice ter na Uradu za Slovence po svetu.<\/p>\n\n\n\n<p>Dare Trobec, vodja likovne kolonije Atelje Most \/ Uredni\u0161tvo Rodne grude<\/p>\n\n\n\n<div class=\"wp-block-responsive-lightbox-gallery\"><div class=\"rl-gallery-container rl-loading\" id=\"rl-gallery-container-1\" data-gallery_id=\"3196\"> <div class=\"rl-gallery rl-basicgrid-gallery \" id=\"rl-gallery-1\" data-gallery_no=\"1\"> <div class=\"rl-gallery-item\"><a href=\"https:\/\/zdruzenje-sim.si\/rodnagruda\/wp-content\/uploads\/2025\/08\/IMG_2943-scaled.jpg\" title=\"\" data-rl_title=\"\" class=\"rl-gallery-link\" data-rl_caption=\"\" data-rel=\"lightbox-gallery-1\"><img loading=\"lazy\" decoding=\"async\" src=\"https:\/\/zdruzenje-sim.si\/rodnagruda\/wp-content\/uploads\/2025\/08\/IMG_2943-300x225.jpg\" width=\"300\" height=\"225\" alt=\"\"\/><\/a><\/div><div class=\"rl-gallery-item\"><a href=\"https:\/\/zdruzenje-sim.si\/rodnagruda\/wp-content\/uploads\/2025\/08\/IMG_2945-scaled.jpg\" title=\"\" data-rl_title=\"\" class=\"rl-gallery-link\" data-rl_caption=\"\" data-rel=\"lightbox-gallery-1\"><img loading=\"lazy\" decoding=\"async\" src=\"https:\/\/zdruzenje-sim.si\/rodnagruda\/wp-content\/uploads\/2025\/08\/IMG_2945-225x300.jpg\" width=\"225\" height=\"300\" alt=\"\"\/><\/a><\/div><div class=\"rl-gallery-item\"><a href=\"https:\/\/zdruzenje-sim.si\/rodnagruda\/wp-content\/uploads\/2025\/08\/IMG_2949-scaled.jpg\" title=\"\" data-rl_title=\"\" class=\"rl-gallery-link\" data-rl_caption=\"\" data-rel=\"lightbox-gallery-1\"><img loading=\"lazy\" decoding=\"async\" src=\"https:\/\/zdruzenje-sim.si\/rodnagruda\/wp-content\/uploads\/2025\/08\/IMG_2949-300x225.jpg\" width=\"300\" height=\"225\" alt=\"\"\/><\/a><\/div> <\/div> <\/div><\/div>\n\n\n\n<p>Foto: \u017denja Simoni\u010d<\/p>\n\n\n\n<figure class=\"wp-block-gallery has-nested-images columns-default is-cropped wp-block-gallery-1 is-layout-flex wp-block-gallery-is-layout-flex\"><\/figure>\n","protected":false},"excerpt":{"rendered":"<p>Kot v preteklih letih smo tudi letos organizirali in izvedli likovno kolonijo za Slovence po svetu v Mostu na So\u010di. Glede na to, da je letos Nova Gorica skupaj z Gorico Evropska prestolnica kulture, smo se odlo\u010dili, da bo tokratna tematika Razmejitev brez omejitev. Letos nismo objavili razpisa za likovno kolonijo, temve\u010d smo slikarke in [&hellip;]<\/p>\n","protected":false},"author":1,"featured_media":3187,"comment_status":"open","ping_status":"open","sticky":false,"template":"","format":"standard","meta":{"_et_pb_use_builder":"off","_et_pb_old_content":"","_et_gb_content_width":"","footnotes":""},"categories":[9],"tags":[],"class_list":["post-3185","post","type-post","status-publish","format-standard","has-post-thumbnail","hentry","category-generacije","et-has-post-format-content","et_post_format-et-post-format-standard"],"_links":{"self":[{"href":"https:\/\/zdruzenje-sim.si\/rodnagruda\/wp-json\/wp\/v2\/posts\/3185","targetHints":{"allow":["GET"]}}],"collection":[{"href":"https:\/\/zdruzenje-sim.si\/rodnagruda\/wp-json\/wp\/v2\/posts"}],"about":[{"href":"https:\/\/zdruzenje-sim.si\/rodnagruda\/wp-json\/wp\/v2\/types\/post"}],"author":[{"embeddable":true,"href":"https:\/\/zdruzenje-sim.si\/rodnagruda\/wp-json\/wp\/v2\/users\/1"}],"replies":[{"embeddable":true,"href":"https:\/\/zdruzenje-sim.si\/rodnagruda\/wp-json\/wp\/v2\/comments?post=3185"}],"version-history":[{"count":2,"href":"https:\/\/zdruzenje-sim.si\/rodnagruda\/wp-json\/wp\/v2\/posts\/3185\/revisions"}],"predecessor-version":[{"id":3231,"href":"https:\/\/zdruzenje-sim.si\/rodnagruda\/wp-json\/wp\/v2\/posts\/3185\/revisions\/3231"}],"wp:featuredmedia":[{"embeddable":true,"href":"https:\/\/zdruzenje-sim.si\/rodnagruda\/wp-json\/wp\/v2\/media\/3187"}],"wp:attachment":[{"href":"https:\/\/zdruzenje-sim.si\/rodnagruda\/wp-json\/wp\/v2\/media?parent=3185"}],"wp:term":[{"taxonomy":"category","embeddable":true,"href":"https:\/\/zdruzenje-sim.si\/rodnagruda\/wp-json\/wp\/v2\/categories?post=3185"},{"taxonomy":"post_tag","embeddable":true,"href":"https:\/\/zdruzenje-sim.si\/rodnagruda\/wp-json\/wp\/v2\/tags?post=3185"}],"curies":[{"name":"wp","href":"https:\/\/api.w.org\/{rel}","templated":true}]}}