{"id":3470,"date":"2026-04-02T08:10:39","date_gmt":"2026-04-02T06:10:39","guid":{"rendered":"https:\/\/zdruzenje-sim.si\/rodnagruda\/?p=3470"},"modified":"2026-04-02T08:10:40","modified_gmt":"2026-04-02T06:10:40","slug":"zdruzenje-slovenska-izseljenska-matica-s-stabilnim-poslovanjem-in-novimi-projekti-v-leto-2026","status":"publish","type":"post","link":"https:\/\/zdruzenje-sim.si\/rodnagruda\/2026\/04\/02\/zdruzenje-slovenska-izseljenska-matica-s-stabilnim-poslovanjem-in-novimi-projekti-v-leto-2026\/","title":{"rendered":"Zdru\u017eenje Slovenska izseljenska matica s stabilnim poslovanjem in novimi projekti v leto 2026"},"content":{"rendered":"\n<p><strong>26. marca 2026 so se v prostorih Zdru\u017eenja ob 17.00 na 52. ob\u010dnem zboru zbrali \u010dlani Matice, ki jih je uvodoma nagovoril predsednik dr. Boris Jesih. Opomnil je, da SIM letos praznuje 75 let in v po\u010dastitev \u010dastitljive obletnice junija pripravlja veliko razstavo v Jakopi\u010devem drevoredu v Ljubljani. Izrazil je tudi veselje, da je SIM v zadnjih letih pridobila veliko novih \u010dlanov, njena finan\u010dna situacija pa je, tudi zahvaljujo\u010d prijavam na razpise, stabilna. \u00bbPovezujemo se tudi z drugimi dru\u0161tvi, zelo dobro sodelujemo z Zdru\u017eenjem Primo\u017e Trubar iz Murske Sobote,\u00ab je dejal dr. Jesih.<\/strong><\/p>\n\n\n\n<p>Ob\u010dnemu zboru je predsedoval Jo\u017ee Osterman, za \u010dlanici delovnega predsedstva pa sta bili izvoljeni Rozina \u0160vent in Silva \u010crnugelj.<\/p>\n\n\n\n<p>Poslovno poro\u010dilo in poro\u010dilo o delu v letu 2025 je predstavila glavna tajnica Jasmina Ili\u010d, ki je uvodoma povedala, da je Zdru\u017eenje SIM poslovno leto 2025 izpeljalo pozitivno, s prese\u017ekom prihodkov nad odhodki v vi\u0161ini 933,31 eur. Od lanskega maja najemnino za prostore pla\u010duje SIM, upravljanje pa bo v prihodnje prevzel Urad Vlade RS za Slovence v zamejstvu in po svetu, od katerega je SIM za \u0161est projektov lani prejela 13.000 eur. Kot je povedal dr. Jesih, SIM za financiranje projektov zaprosi tudi za sponzorska sredstva, tako bo tudi za obele\u017eje, ki ga \u017eelijo v spomin slovenskim izseljencem postaviti na \u017eelezni\u0161ki postaji v Ljubljani.<\/p>\n\n\n\n<p><strong>Letos brez Dobrodo\u0161li doma<\/strong><\/p>\n\n\n\n<p>Letos prireditve Dobrodo\u0161li doma ne bo. Da to ni dobro, je menil tako predsednik delovnega predsedstva Osterman kot tudi ob\u010dni zbor, \u010de\u0161 da gre za prekinjanje tradicije. Dr. Jesih je zagotovil, da bodo kot Matica storili vse, da prihodnje leto dogodek bo. \u00bbPri\u010dakujemo, da se bo \u017ee septembra sestal organizacijski odbor za prireditev 2027,\u00ab je dejala Silva \u010crnugelj. Jo\u017ee Osterman je pohvalil poslovanje SIM kot neprofitne organizacije, ob\u010dni zbor pa je sprejel sklep, da se prese\u017eek dohodka nameni za izvedbo programov v letu 2026.<\/p>\n\n\n\n<p><strong>2025: izvedeni vsi pripravljeni projekti<\/strong><\/p>\n\n\n\n<p>Vsebinsko poro\u010dilo o rednem delovanju v letu 2025 ugotavlja, da so na Zdru\u017eenju SIM uspe\u0161no izvedli vse pripravljene projekte v skladu z vi\u0161ino dodeljenih sredstev. \u00bbPoleg tega smo organizirali ve\u010d predavanj in predstavitev, z bogatim programom pa smo sodelovali tudi na prireditvi Dobrodo\u0161li doma v Novi Gorici,\u00ab je povedala Jasmina Ili\u010d. O posameznih aktivnostih po mesecih je SIM pripravila bogato slikovno gradivo, ki so ga prejeli vsi udele\u017eenci ob\u010dnega zbora. Med projekti 2025 je izpostavila spletno revijo Rodna gruda, Poletno \u0161olo Sloven\u0161\u010dina malo druga\u010de, Likovno kolonijo Atelje Most, slikarsko razstavo Garyja Bukovnika iz ZDA, knjigo Zgodbe slovenskih izseljencev v sliki in besedi, 2. del, ter projekt prevajanja in lektoriranja znanstvene monografije o Slovencih v Argentini, podro\u010dje Antropologija avtorice dr. Nadie Molek.<\/p>\n\n\n\n<p><strong>Pozitivno ra\u010dunsko poslovanje<\/strong><\/p>\n\n\n\n<p>V poro\u010dilu nadzornega odbora, ki ga je predstavila Edita \u017dugelj, &nbsp;je razvidno, da se je premo\u017eenje Zdru\u017eenja pove\u010dalo za 30%, nadzorni odbor je tudi potrdil pozitivno ra\u010dunsko poslovanje SIM v letu 2025.<\/p>\n\n\n\n<p><strong>Intenziven program dela za leto 2026<\/strong><\/p>\n\n\n\n<p>Po besedah Jasmine Ili\u010d, ki je predstavila program dela za leto 2026, je \u0161tevilo leto\u0161njih projektov omejeno, saj jih je SIM prijavila pet, odobreni pa so bili \u0161tirje. Posebni poudarki v letu 2026 so namenjeni 75-letnici ne prekinjenega delovanja Zdru\u017eenja SIM,&nbsp; spletni reviji Rodna gruda, izobra\u017eevalnim in kulturnim projektom. Po Ostermanovih besedah je program intenziven in se zato izpad Dobrodo\u0161li doma utegne manj poznati. Ob\u010dni zbor je s sklepom sprejel program dela za leto 2026 z dopolnili dr. Borisa Jesiha.<\/p>\n\n\n\n<p>Ob\u010dni zbor je v nadaljevanju sprejel odstop dr. Nadie Molek in za novo \u010dlanico nadzornega odbora potrdil Darinko Kozinc.<\/p>\n\n\n\n<p><strong>Popravki statuta<\/strong><\/p>\n\n\n\n<p>Leta 2025 je bil sprejet nov zakon o dru\u0161tvih z novimi klasifikacijami, ki v Statutu Zdru\u017eenja SIM niso bile upo\u0161tevane, zato je ob\u010dni zbor sprejel predlagane popravke statuta.<\/p>\n\n\n\n<p><strong>Zgodbe slovenskih izseljencev v sliki in besedi, 2. del<\/strong><\/p>\n\n\n\n<p>Uradni del ob\u010dnega zbora smo sklenili s predstavitvijo drugega dela knjige Janeza Roglja Zgodbe slovenskih izseljencev v sliki in besedi, sledil pa je pogovor na temo Izseljenstvo \u2013 sre\u010da ali nesre\u010da?<\/p>\n\n\n\n<p>Kot je uvodoma povedal avtor, je ve\u010dina zgodb iz \u010dasa, ko ni bilo ne Urada ne Matice, kjer je bil pozneje s kraj\u0161imi prekinitvami kar 23 let glavni tajnik in je tudi po upokojitvi ostal v stiku z izseljenci. Vseskozi se mu je postavljalo vpra\u0161anje, kaj je izseljenstvo: sre\u010da ali nesre\u010da in v obeh knjigah je sku\u0161al najti pojasnila. Zavedal se je obse\u017enosti stotin milijonov ljudi, ki so se izseljevali. \u00bbTo ni ne strokovno ne memoarsko delo, temve\u010d me\u0161anica obojega,\u00ab je dejal avtor. \u00bbInformacije so nazorne, citati skrbno ozna\u010deni.\u00ab<\/p>\n\n\n\n<p>Janez Rogelj \u017ee \u0161est let pi\u0161e blog o slovenskem izseljenstvu z naslovom Kov\u010dek, v katerem so zgodbe tistih izseljencev, ki niso zasloveli v kulturi, \u0161portu ali znanosti, bili pa so dru\u017ebeno aktivni. Zanimala ga je predvsem problematika samskih mo\u0161kih.<\/p>\n\n\n\n<p>Knjiga bo \u0161ir\u0161i javnosti predstavljena junija v prostorih Mestne ob\u010dine Ljubljana.<\/p>\n\n\n\n<p>Besedilo in foto: Blanka Markovi\u010d Kocen<\/p>\n\n\n\n<figure class=\"wp-block-image size-large\"><img loading=\"lazy\" decoding=\"async\" width=\"1024\" height=\"768\" src=\"https:\/\/zdruzenje-sim.si\/rodnagruda\/wp-content\/uploads\/2026\/04\/obcni-zbor3-1024x768.jpg\" alt=\"\" class=\"wp-image-3473\" srcset=\"https:\/\/zdruzenje-sim.si\/rodnagruda\/wp-content\/uploads\/2026\/04\/obcni-zbor3-1024x768.jpg 1024w, https:\/\/zdruzenje-sim.si\/rodnagruda\/wp-content\/uploads\/2026\/04\/obcni-zbor3-300x225.jpg 300w, https:\/\/zdruzenje-sim.si\/rodnagruda\/wp-content\/uploads\/2026\/04\/obcni-zbor3-768x576.jpg 768w, https:\/\/zdruzenje-sim.si\/rodnagruda\/wp-content\/uploads\/2026\/04\/obcni-zbor3-1536x1152.jpg 1536w, https:\/\/zdruzenje-sim.si\/rodnagruda\/wp-content\/uploads\/2026\/04\/obcni-zbor3-2048x1536.jpg 2048w, https:\/\/zdruzenje-sim.si\/rodnagruda\/wp-content\/uploads\/2026\/04\/obcni-zbor3-1080x810.jpg 1080w\" sizes=\"(max-width: 1024px) 100vw, 1024px\" \/><\/figure>\n\n\n\n<figure class=\"wp-block-image size-large\"><img loading=\"lazy\" decoding=\"async\" width=\"768\" height=\"1024\" src=\"https:\/\/zdruzenje-sim.si\/rodnagruda\/wp-content\/uploads\/2026\/04\/obcni-zbor1-768x1024.jpg\" alt=\"\" class=\"wp-image-3471\" srcset=\"https:\/\/zdruzenje-sim.si\/rodnagruda\/wp-content\/uploads\/2026\/04\/obcni-zbor1-768x1024.jpg 768w, https:\/\/zdruzenje-sim.si\/rodnagruda\/wp-content\/uploads\/2026\/04\/obcni-zbor1-225x300.jpg 225w, https:\/\/zdruzenje-sim.si\/rodnagruda\/wp-content\/uploads\/2026\/04\/obcni-zbor1-1152x1536.jpg 1152w, https:\/\/zdruzenje-sim.si\/rodnagruda\/wp-content\/uploads\/2026\/04\/obcni-zbor1-1536x2048.jpg 1536w, https:\/\/zdruzenje-sim.si\/rodnagruda\/wp-content\/uploads\/2026\/04\/obcni-zbor1-1080x1440.jpg 1080w, https:\/\/zdruzenje-sim.si\/rodnagruda\/wp-content\/uploads\/2026\/04\/obcni-zbor1-scaled.jpg 1920w\" sizes=\"(max-width: 768px) 100vw, 768px\" \/><\/figure>\n\n\n\n<figure class=\"wp-block-image size-large\"><img loading=\"lazy\" decoding=\"async\" width=\"768\" height=\"1024\" src=\"https:\/\/zdruzenje-sim.si\/rodnagruda\/wp-content\/uploads\/2026\/04\/obcni-zbor4-768x1024.jpg\" alt=\"\" class=\"wp-image-3474\" srcset=\"https:\/\/zdruzenje-sim.si\/rodnagruda\/wp-content\/uploads\/2026\/04\/obcni-zbor4-768x1024.jpg 768w, https:\/\/zdruzenje-sim.si\/rodnagruda\/wp-content\/uploads\/2026\/04\/obcni-zbor4-225x300.jpg 225w, https:\/\/zdruzenje-sim.si\/rodnagruda\/wp-content\/uploads\/2026\/04\/obcni-zbor4-1152x1536.jpg 1152w, https:\/\/zdruzenje-sim.si\/rodnagruda\/wp-content\/uploads\/2026\/04\/obcni-zbor4-1536x2048.jpg 1536w, https:\/\/zdruzenje-sim.si\/rodnagruda\/wp-content\/uploads\/2026\/04\/obcni-zbor4-1080x1440.jpg 1080w, https:\/\/zdruzenje-sim.si\/rodnagruda\/wp-content\/uploads\/2026\/04\/obcni-zbor4-scaled.jpg 1920w\" sizes=\"(max-width: 768px) 100vw, 768px\" \/><\/figure>\n\n\n\n<figure class=\"wp-block-image size-large\"><img loading=\"lazy\" decoding=\"async\" width=\"768\" height=\"1024\" src=\"https:\/\/zdruzenje-sim.si\/rodnagruda\/wp-content\/uploads\/2026\/04\/obcni-zbor2-768x1024.jpg\" alt=\"\" class=\"wp-image-3472\" srcset=\"https:\/\/zdruzenje-sim.si\/rodnagruda\/wp-content\/uploads\/2026\/04\/obcni-zbor2-768x1024.jpg 768w, https:\/\/zdruzenje-sim.si\/rodnagruda\/wp-content\/uploads\/2026\/04\/obcni-zbor2-225x300.jpg 225w, https:\/\/zdruzenje-sim.si\/rodnagruda\/wp-content\/uploads\/2026\/04\/obcni-zbor2-1152x1536.jpg 1152w, https:\/\/zdruzenje-sim.si\/rodnagruda\/wp-content\/uploads\/2026\/04\/obcni-zbor2-1536x2048.jpg 1536w, https:\/\/zdruzenje-sim.si\/rodnagruda\/wp-content\/uploads\/2026\/04\/obcni-zbor2-1080x1440.jpg 1080w, https:\/\/zdruzenje-sim.si\/rodnagruda\/wp-content\/uploads\/2026\/04\/obcni-zbor2-scaled.jpg 1920w\" sizes=\"(max-width: 768px) 100vw, 768px\" \/><\/figure>\n","protected":false},"excerpt":{"rendered":"<p>26. marca 2026 so se v prostorih Zdru\u017eenja ob 17.00 na 52. ob\u010dnem zboru zbrali \u010dlani Matice, ki jih je uvodoma nagovoril predsednik dr. Boris Jesih. Opomnil je, da SIM letos praznuje 75 let in v po\u010dastitev \u010dastitljive obletnice junija pripravlja veliko razstavo v Jakopi\u010devem drevoredu v Ljubljani. Izrazil je tudi veselje, da je SIM [&hellip;]<\/p>\n","protected":false},"author":1,"featured_media":3475,"comment_status":"open","ping_status":"open","sticky":false,"template":"","format":"standard","meta":{"_et_pb_use_builder":"off","_et_pb_old_content":"","_et_gb_content_width":"","footnotes":""},"categories":[14],"tags":[],"class_list":["post-3470","post","type-post","status-publish","format-standard","has-post-thumbnail","hentry","category-aktualno","et-has-post-format-content","et_post_format-et-post-format-standard"],"_links":{"self":[{"href":"https:\/\/zdruzenje-sim.si\/rodnagruda\/wp-json\/wp\/v2\/posts\/3470","targetHints":{"allow":["GET"]}}],"collection":[{"href":"https:\/\/zdruzenje-sim.si\/rodnagruda\/wp-json\/wp\/v2\/posts"}],"about":[{"href":"https:\/\/zdruzenje-sim.si\/rodnagruda\/wp-json\/wp\/v2\/types\/post"}],"author":[{"embeddable":true,"href":"https:\/\/zdruzenje-sim.si\/rodnagruda\/wp-json\/wp\/v2\/users\/1"}],"replies":[{"embeddable":true,"href":"https:\/\/zdruzenje-sim.si\/rodnagruda\/wp-json\/wp\/v2\/comments?post=3470"}],"version-history":[{"count":1,"href":"https:\/\/zdruzenje-sim.si\/rodnagruda\/wp-json\/wp\/v2\/posts\/3470\/revisions"}],"predecessor-version":[{"id":3476,"href":"https:\/\/zdruzenje-sim.si\/rodnagruda\/wp-json\/wp\/v2\/posts\/3470\/revisions\/3476"}],"wp:featuredmedia":[{"embeddable":true,"href":"https:\/\/zdruzenje-sim.si\/rodnagruda\/wp-json\/wp\/v2\/media\/3475"}],"wp:attachment":[{"href":"https:\/\/zdruzenje-sim.si\/rodnagruda\/wp-json\/wp\/v2\/media?parent=3470"}],"wp:term":[{"taxonomy":"category","embeddable":true,"href":"https:\/\/zdruzenje-sim.si\/rodnagruda\/wp-json\/wp\/v2\/categories?post=3470"},{"taxonomy":"post_tag","embeddable":true,"href":"https:\/\/zdruzenje-sim.si\/rodnagruda\/wp-json\/wp\/v2\/tags?post=3470"}],"curies":[{"name":"wp","href":"https:\/\/api.w.org\/{rel}","templated":true}]}}