{"id":734,"date":"2024-04-29T05:48:04","date_gmt":"2024-04-29T03:48:04","guid":{"rendered":"https:\/\/zdruzenje-sim.si\/rodnagruda\/?p=734"},"modified":"2024-04-29T05:48:04","modified_gmt":"2024-04-29T03:48:04","slug":"letos-vse-poti-vodijo-v-knezje-mesto-na-srecanje-dobrodosli-doma","status":"publish","type":"post","link":"https:\/\/zdruzenje-sim.si\/rodnagruda\/2024\/04\/29\/letos-vse-poti-vodijo-v-knezje-mesto-na-srecanje-dobrodosli-doma\/","title":{"rendered":"Letos vse poti vodijo v kne\u017eje mesto, na sre\u010danje Dobrodo\u0161li doma"},"content":{"rendered":"\n<p><strong>Organizacija tradicionalne prireditve Dobrodo\u0161li doma je letos v rokah Zdru\u017eenja Slovenska izseljenska matica. \u00bbPriprava te vrste prireditve je velik zalogaj za vsako podobno organizacijo. Predvsem je to odgovorno do vseh, ki na tak\u0161ni prireditvi sodelujejo, nastopajo in poka\u017eejo, kaj vse ustvarjajo v tujini,\u00ab pove Jasmina Ili\u010d, glavna tajnica Zdru\u017eenja SIM. \u00bbIzseljenski piknik smo na SIM organizirali \u017ee od leta 1954 pa vse do 2010., ko je organizacijo Dobrodo\u0161li doma prevzel urad za Slovence v zamejstvu in po svetu. Od leta 2019 pa pri organizaciji te prireditve sodelujemo vse nevladne organizacije, ki se povezujemo z na\u0161imi izseljenci.\u00ab Kot dodaja Ili\u010deva, prireditev Dobrodo\u0161li doma pripravljajo skupaj s Slovenskim svetovnim kongresom, Rafaelovo dru\u017ebo in Izseljenskim dru\u0161tvom Slovenija v svetu s finan\u010dno podporo Urada Vlade RS za Slovence v zamejstvu in po svetu. Vsaka od teh organizacij prispeva del kulturnega programa. Ker bo osrednja prireditev letos v Celju, so se povezali z Mestno ob\u010dino Celje, z Zavodom Celeia, ki upravlja s Celjskim domom, in tudi s Klubom koro\u0161kih Slovencev.<\/strong><\/p>\n\n\n\n<p><strong>Mladi, rde\u010da nit Vseslovenskega sre\u010danja<\/strong><\/p>\n\n\n\n<p>Celotno dogajanje se bo pri\u010delo v \u010detrtek, 27. 6., v Dr\u017eavnem zboru RS z Vseslovenskim sre\u010danjem. Rde\u010da nit tega sre\u010danja bodo mladi. Njihove vizije, povezovanje, delovanje v slovenski skupnosti v dr\u017eavah, kjer \u017eivijo, njihovo do\u017eivljanje slovenskega prostora in pripadnost slovenskemu narodu. Kako ga oni vidijo in \u017eivijo. \u00bbGovorci bodo trije pripadniki mlade generacije, naj bo to \u0161e presene\u010denje, ki bodo sami iz svojega zornega kota povedali, kaj vidijo v prihodnosti in kaj je zanje pomembno,\u00ab pove sogovornica. \u00bbOb 19.00 se bomo preselili v Glasbeno \u0161olo na Vegovo 7 v Ljubljani, kjer si bomo ogledali opereto na\u0161ih umetnikov iz Celovca z naslovom Kot stari naredi, je zmerom prav, &nbsp;ki je prvo delo te vrste v slovenskem jeziku in je nastalo na Koro\u0161kem.\u00ab<\/p>\n\n\n\n<p>V petek v sodelovanju z Narodno in univerzitetno knji\u017enico pripravljajo dva vodena ogleda po Ple\u010dnikovem NUK-u, kjer bodo obiskovalci spoznali skrite koti\u010dke na\u0161e literarne zakladnice. &nbsp;\u00bbS predstavniki Mestne ob\u010dine Celje smo bili na prvem sestanku \u017ee konec leta 2023 in njihov odziv je bil dober. Z veseljem gostijo na\u0161o prireditev in rojakinje ter rojake, ki bodo prebivalcem &#8216;doma&#8217; predstavili svoje kulturne dose\u017eke,\u00ab Ili\u010deva odgovarja na vpra\u0161anje, kako so se v Celju odzvali na pobudo za gostiteljstvo sre\u010danja Dobrodo\u0161li doma.<\/p>\n\n\n\n<p><strong>Pester program<\/strong><\/p>\n\n\n\n<p>Predstavili bodo kar tri knji\u017ene izdaje, kraj\u0161i dokumentarni film, postavili dve umetni\u0161ki razstavi. Ta del prireditve bo v Celjskem domu.<\/p>\n\n\n\n<p>Osrednja prireditev bo na Krekovem trgu, na odprtem, \u010de bo to seveda dopu\u0161\u010dalo vreme, v nasprotnem primeru pa se bodo preselili v veliko dvorano Celjskega doma. Na glavnem odru se bodo zvrstile folklorne skupine, pevski zbori, tudi rock in jazz skupine ter posamezniki. Za vsakogar se bo na\u0161lo kaj zanimivega, obljubljajo organizatorji. Osrednji prireditvi pa bo sledila zabava s plesom na prostem.<\/p>\n\n\n\n<p>\u00bbRojaki se radi odzovejo povabilu na tak\u0161ne prireditve, \u010de jim to le dopu\u0161\u010da \u010das in tudi finance. \u017dal se pri teh v\u010dasih zatakne. Vse te zadeve re\u0161ujemo sproti in upam, da bomo uspeli zadevo izpeljati, kot smo si zamislili,\u00ab pove sogovornica.<\/p>\n\n\n\n<p><strong>Aktivnost v skupnosti mladi prinesejo od doma<\/strong><\/p>\n\n\n\n<p>Jasmina Ili\u010d, ki je \u017ee dolga leta vpeta v delo z rojaki, pojasnjuje svoj vtis: ali se slednji z veseljem in \u0161tevil\u010dno udele\u017eujejo tradicionalnega sre\u010danja v domovini ali to zanimanje z leti upada? Kolik\u0161no je zanimanje mladih? Katere vsebine jih navdu\u0161ujejo? \u00bbZa\u010dela bom z zadnjim vpra\u0161anjem. Mladi zanimanje za udejstvovanja v skupnosti ve\u010dinoma prinesejo od doma. \u010ce so star\u0161i aktivni, so pogosto tudi mladi. Seveda imajo druga\u010dne, sodobnej\u0161e &nbsp;prioritete, vendar so v skupnostih aktivni. Kaj vse jih zanima, bodo najbolje povedali samo. Predvsem spoznavanje domovine, potovanja, sre\u010danja s posamezniki, ki so naredili kaj pomembnega na posameznih podro\u010djih. Tradicionalno sre\u010danje Dobrodo\u0161li doma ima \u0161e vedno svoje ob\u010dinstvo, ljudi, ki jih to zanima in z veseljem pridejo, je pa tega manj, kot je bilo v preteklosti, ko so ljudje manj in tudi te\u017eje potovali in so sam prihod v Slovenijo na\u010drtovali ravno v \u010dasu teh dogodkov. Danes je seveda druga\u010de. Vsega je ve\u010d in se tudi bolj intenzivno odvija.\u00ab<\/p>\n\n\n\n<p><strong>\u010casa za po\u010ditek ne bo<\/strong><\/p>\n\n\n\n<p>Organizacija tak\u0161ne prireditve je zahtevna, tako \u010dasovno, kot tudi organizacijsko. \u00bb\u2026 vendar sem prepri\u010dana, da bomo temu kos. Ali bodo vsi z na\u0161im delom zadovoljni, ne vemo, zagotavljamo pa, da damo vedno vse od sebe,\u00ab poudarja Ili\u010deva in dodaja, da \u010dasa za po\u010ditek po prireditvi Dobrodo\u0161li doma ne bo veliko, saj \u017ee &nbsp;teden dni po njej na Matici za\u010dnejo s svojo poletno \u0161olo Sloven\u0161\u010dina malo druga\u010de na \u017ee stalni lokaciji, v Murski Soboti.<\/p>\n\n\n\n<p>\u00bbJesen bo rezervirana za urejanje na\u0161ega arhiva, za digitalizacijo, urejanje knji\u017enice, sre\u010danja in pogovorne dopoldneve na Matici, postavitev vsaj dveh razstav v Ljubljani. Na\u010drtujemo tudi kulinari\u010dno delavnico, ki jo bomo izpeljali z na\u0161imi rojaki iz BiH kot skupni projekt. Dela nam nikoli ne zmanjka, prav tako tudi \u017eelje in volje sodelovati z na\u0161imi rojakinjami in rojaki po svetu,\u00ab pravi glavna tajnica Zdru\u017eenja SIM Jasmina Ili\u010d.<\/p>\n\n\n\n<p>Blanka Markovi\u010d Kocen<\/p>\n\n\n\n<p>Foto: arhiv SIM<\/p>\n","protected":false},"excerpt":{"rendered":"<p>Organizacija tradicionalne prireditve Dobrodo\u0161li doma je letos v rokah Zdru\u017eenja Slovenska izseljenska matica. \u00bbPriprava te vrste prireditve je velik zalogaj za vsako podobno organizacijo. Predvsem je to odgovorno do vseh, ki na tak\u0161ni prireditvi sodelujejo, nastopajo in poka\u017eejo, kaj vse ustvarjajo v tujini,\u00ab pove Jasmina Ili\u010d, glavna tajnica Zdru\u017eenja SIM. \u00bbIzseljenski piknik smo na SIM [&hellip;]<\/p>\n","protected":false},"author":1,"featured_media":735,"comment_status":"closed","ping_status":"closed","sticky":false,"template":"","format":"standard","meta":{"_et_pb_use_builder":"off","_et_pb_old_content":"","_et_gb_content_width":"","footnotes":""},"categories":[14],"tags":[],"class_list":["post-734","post","type-post","status-publish","format-standard","has-post-thumbnail","hentry","category-aktualno","et-has-post-format-content","et_post_format-et-post-format-standard"],"_links":{"self":[{"href":"https:\/\/zdruzenje-sim.si\/rodnagruda\/wp-json\/wp\/v2\/posts\/734","targetHints":{"allow":["GET"]}}],"collection":[{"href":"https:\/\/zdruzenje-sim.si\/rodnagruda\/wp-json\/wp\/v2\/posts"}],"about":[{"href":"https:\/\/zdruzenje-sim.si\/rodnagruda\/wp-json\/wp\/v2\/types\/post"}],"author":[{"embeddable":true,"href":"https:\/\/zdruzenje-sim.si\/rodnagruda\/wp-json\/wp\/v2\/users\/1"}],"replies":[{"embeddable":true,"href":"https:\/\/zdruzenje-sim.si\/rodnagruda\/wp-json\/wp\/v2\/comments?post=734"}],"version-history":[{"count":1,"href":"https:\/\/zdruzenje-sim.si\/rodnagruda\/wp-json\/wp\/v2\/posts\/734\/revisions"}],"predecessor-version":[{"id":736,"href":"https:\/\/zdruzenje-sim.si\/rodnagruda\/wp-json\/wp\/v2\/posts\/734\/revisions\/736"}],"wp:featuredmedia":[{"embeddable":true,"href":"https:\/\/zdruzenje-sim.si\/rodnagruda\/wp-json\/wp\/v2\/media\/735"}],"wp:attachment":[{"href":"https:\/\/zdruzenje-sim.si\/rodnagruda\/wp-json\/wp\/v2\/media?parent=734"}],"wp:term":[{"taxonomy":"category","embeddable":true,"href":"https:\/\/zdruzenje-sim.si\/rodnagruda\/wp-json\/wp\/v2\/categories?post=734"},{"taxonomy":"post_tag","embeddable":true,"href":"https:\/\/zdruzenje-sim.si\/rodnagruda\/wp-json\/wp\/v2\/tags?post=734"}],"curies":[{"name":"wp","href":"https:\/\/api.w.org\/{rel}","templated":true}]}}